{"id":495,"date":"2020-01-14T01:00:00","date_gmt":"2020-01-14T01:00:00","guid":{"rendered":"https:\/\/autocarescasaleventos.com\/autobuses-casal-se-hace-con-nave-donuts-sevilla-despues-aumentar-flota\/"},"modified":"2020-01-14T01:00:00","modified_gmt":"2020-01-14T01:00:00","slug":"autobuses-casal-se-hace-con-nave-donuts-sevilla-despues-aumentar-flota","status":"publish","type":"post","link":"https:\/\/autocarescasaleventos.com\/en\/autobuses-casal-se-hace-con-nave-donuts-sevilla-despues-aumentar-flota\/","title":{"rendered":"Autobuses Casal se hace con la nave de Donuts de Sevilla despu\u00e9s de aumentar su flota"},"content":{"rendered":"<p>Autocares Casal ha comprado las naves de Donuts de Sevilla, situadas en la Carretera Amarilla. Las naves tienen un total de 13.000 m2. El aumento de la flota de autobuses ha hecho que la empresa busque nuevas instalaciones para dejar los diferentes veh\u00edculos con los que cuentan. Esta ampliaci\u00f3n se realiza \u00ab<span style=\"font-style: italic;\">ante el importante crecimiento de la actividad\u00bb<\/span>, seg\u00fan subraya \u00c1ngel D\u00edaz, director de Autocares Casal.<\/p>\n<\/p>\n<p>Es el mayor incremento que se ha hecho desde que se fund\u00f3 la empresa, ya hace 92 a\u00f1os, con el cambio que se hizo de la compa\u00f1\u00eda del pueblo de Aracena a Sevilla y el aumento de servicios de transporte. \u00c1ngel D\u00edaz confiesa que \u00ab<span style=\"font-style: italic;\">este tremendo aumento de la actividad se nota desde principios de a\u00f1o por el boom tur\u00edstico que vive la ciudad<\/span>\u00ab. El director general recalca que los congresos son la principal l\u00ednea de negocios.<\/p>\n<\/p>\n<p><span style=\"font-weight: bold; text-decoration-line: underline;\"><a href=\"https:\/\/www.fibes.es\/\" target=\"_blank\" style=\"\" rel=\"noopener\">Fibes<\/a><\/span> es el centro neur\u00e1lgico, ya que \u00ab<span style=\"font-style: italic;\">all\u00ed se celebran los encuentros m\u00e1s grandes y este a\u00f1o hemos tenido muchos de ellos, adem\u00e1s de la relevancia, pero tambi\u00e9n se celebran cada vez m\u00e1s en hoteles de la ciudad<\/span>\u00ab.<\/p>\n<\/p>\n<p>El directivo de Casal insiste en que \u00ab<span style=\"font-style: italic;\">este crecimiento tur\u00edstico ha repercutido en todos los sectores, desde la hosteler\u00eda, a los hoteles y, por supuesto, el transporte<\/span>\u00ab. Ya el a\u00f1o pasado, Autocares Casal han sustituido cerca de 20 autobuses, se han comprado 7 y se han incrementado las instalaciones con la adquisici\u00f3n de estas naves.<\/p>\n<\/p>\n<p>La compra y las obras realizadas a las naves industriales han supuesto m\u00e1s de 2,5 millones de euros, un esfuerzo que la compa\u00f1\u00eda asume \u00ab<span style=\"font-style: italic;\">para aprovechar este ciclo expansivo que todav\u00eda no ha tocado techo<\/span>\u00ab, resalta \u00c1ngel D\u00edaz. \u00ab<span style=\"font-style: italic;\">Las previsiones que ten\u00edamos para este 2019 eran muy buenas, pero en la pr\u00e1ctica se han superado con creces<\/span>\u00ab, manifiesta.&nbsp;<\/p>\n<\/p>\n<p>Las naves adquiridas son \u00ab<span style=\"font-style: italic;\">muy estrat\u00e9gicas, porque son vecinas de las que ya ocupamos y dispone de aparcamiento en el entorno<\/span>\u00ab.<\/p>\n<\/p>\n<h2><span style=\"font-weight: bold;\">Servicios Autocares casal<\/span><\/h2>\n<p>Autocares Casal, adem\u00e1s de los servicios discrecionales con <span style=\"font-weight: bold; text-decoration-line: underline;\"><a href=\"https:\/\/www.autocarescasal.com\/alquiler-autobuses-congresos\" style=\"\">autobuses para congresos<\/a><\/span>, eventos y excursiones, que son su principal l\u00ednea de negocio, asimismo la empresa cuenta con diferentes l\u00edneas regulares en el transporte p\u00fablico para el <span style=\"font-weight: bold; text-decoration-line: underline;\"><a href=\"http:\/\/www.consorciotransportes-sevilla.com\/\" target=\"_blank\" style=\"\" rel=\"noopener\">consorcio metropolitano<\/a><\/span>, comunicando Sevilla con diferentes pueblos como Carmona, Alcal\u00e1 de Guada\u00edra, Alcal\u00e1 del R\u00edo, Mairena del Alcor, etc. As\u00ed como dos l\u00edneas de Tussam que van a los barrios de Torreblanca y Valdezorras.<\/p>\n<p><\/p>\n<p>Imagen de sevilla.abc.es<\/p>","protected":false},"excerpt":{"rendered":"<p>Autocares Casal ha comprado las naves de Donuts de Sevilla, situadas en la Carretera Amarilla. Las naves tienen un total de 13.000 m2. El aumento de la flota de autobuses ha hecho que la empresa busque nuevas instalaciones para dejar los diferentes veh\u00edculos con los que cuentan. Esta ampliaci\u00f3n se realiza \u00abante el importante crecimiento &#8230; <a title=\"Autobuses Casal se hace con la nave de Donuts de Sevilla despu\u00e9s de aumentar su flota\" class=\"read-more\" href=\"https:\/\/autocarescasaleventos.com\/en\/autobuses-casal-se-hace-con-nave-donuts-sevilla-despues-aumentar-flota\/\" aria-label=\"Read more about Autobuses Casal se hace con la nave de Donuts de Sevilla despu\u00e9s de aumentar su flota\">Read more<\/a><\/p>","protected":false},"author":1,"featured_media":496,"comment_status":"open","ping_status":"open","sticky":false,"template":"","format":"standard","meta":{"inline_featured_image":false,"footnotes":""},"categories":[],"tags":[],"class_list":["post-495","post","type-post","status-publish","format-standard","has-post-thumbnail","hentry"],"yoast_head":"<!-- This site is optimized with the Yoast SEO plugin v25.9 - https:\/\/yoast.com\/wordpress\/plugins\/seo\/ -->\n<title>Casal se hace con la nave de Donuts despu\u00e9s de aumentar su flota<\/title>\n<meta name=\"description\" content=\"Esta ampliaci\u00f3n de autobuses se realiza ante el importante crecimiento del turismo, seg\u00fan subraya \u00c1ngel D\u00edaz, director de Autocares Casal.\" \/>\n<meta name=\"robots\" content=\"index, follow, max-snippet:-1, max-image-preview:large, max-video-preview:-1\" \/>\n<link rel=\"canonical\" href=\"https:\/\/autocarescasaleventos.com\/en\/autobuses-casal-se-hace-con-nave-donuts-sevilla-despues-aumentar-flota\/\" \/>\n<meta property=\"og:locale\" content=\"en_GB\" \/>\n<meta property=\"og:type\" content=\"article\" \/>\n<meta property=\"og:title\" content=\"Casal se hace con la nave de Donuts despu\u00e9s de aumentar su flota\" \/>\n<meta property=\"og:description\" content=\"Esta ampliaci\u00f3n de autobuses se realiza ante el importante crecimiento del turismo, seg\u00fan subraya \u00c1ngel D\u00edaz, director de Autocares Casal.\" \/>\n<meta property=\"og:url\" content=\"https:\/\/autocarescasaleventos.com\/en\/autobuses-casal-se-hace-con-nave-donuts-sevilla-despues-aumentar-flota\/\" \/>\n<meta property=\"og:site_name\" content=\"Autocares Casal Meetings &amp; Events\" \/>\n<meta property=\"article:published_time\" content=\"2020-01-14T01:00:00+00:00\" \/>\n<meta property=\"og:image\" content=\"https:\/\/autocarescasaleventos.com\/wp-content\/uploads\/2021\/06\/ampliacion-autobuses-casal.jpg\" \/>\n\t<meta property=\"og:image:width\" content=\"440\" \/>\n\t<meta property=\"og:image:height\" content=\"270\" \/>\n\t<meta property=\"og:image:type\" content=\"image\/jpeg\" \/>\n<meta name=\"author\" content=\"admin\" \/>\n<meta name=\"twitter:card\" content=\"summary_large_image\" \/>\n<meta name=\"twitter:title\" content=\"Casal se hace con la nave de Donuts despu\u00e9s de aumentar su flota\" \/>\n<meta name=\"twitter:label1\" content=\"Written by\" \/>\n\t<meta name=\"twitter:data1\" content=\"admin\" \/>\n\t<meta name=\"twitter:label2\" content=\"Estimated reading time\" \/>\n\t<meta name=\"twitter:data2\" content=\"2 minutes\" \/>\n<script type=\"application\/ld+json\" class=\"yoast-schema-graph\">{\"@context\":\"https:\/\/schema.org\",\"@graph\":[{\"@type\":\"Article\",\"@id\":\"https:\/\/autocarescasaleventos.com\/autobuses-casal-se-hace-con-nave-donuts-sevilla-despues-aumentar-flota\/#article\",\"isPartOf\":{\"@id\":\"https:\/\/autocarescasaleventos.com\/autobuses-casal-se-hace-con-nave-donuts-sevilla-despues-aumentar-flota\/\"},\"author\":{\"name\":\"admin\",\"@id\":\"https:\/\/autocarescasaleventos.com\/#\/schema\/person\/c6bd7b785fe0c25c61921d52707a42cf\"},\"headline\":\"Autobuses Casal se hace con la nave de Donuts de Sevilla despu\u00e9s de aumentar su flota\",\"datePublished\":\"2020-01-14T01:00:00+00:00\",\"mainEntityOfPage\":{\"@id\":\"https:\/\/autocarescasaleventos.com\/autobuses-casal-se-hace-con-nave-donuts-sevilla-despues-aumentar-flota\/\"},\"wordCount\":438,\"commentCount\":0,\"publisher\":{\"@id\":\"https:\/\/autocarescasaleventos.com\/#organization\"},\"image\":{\"@id\":\"https:\/\/autocarescasaleventos.com\/autobuses-casal-se-hace-con-nave-donuts-sevilla-despues-aumentar-flota\/#primaryimage\"},\"thumbnailUrl\":\"https:\/\/autocarescasaleventos.com\/wp-content\/uploads\/2021\/06\/ampliacion-autobuses-casal.jpg\",\"inLanguage\":\"en-GB\"},{\"@type\":\"WebPage\",\"@id\":\"https:\/\/autocarescasaleventos.com\/autobuses-casal-se-hace-con-nave-donuts-sevilla-despues-aumentar-flota\/\",\"url\":\"https:\/\/autocarescasaleventos.com\/autobuses-casal-se-hace-con-nave-donuts-sevilla-despues-aumentar-flota\/\",\"name\":\"Casal se hace con la nave de Donuts despu\u00e9s de aumentar su flota\",\"isPartOf\":{\"@id\":\"https:\/\/autocarescasaleventos.com\/#website\"},\"primaryImageOfPage\":{\"@id\":\"https:\/\/autocarescasaleventos.com\/autobuses-casal-se-hace-con-nave-donuts-sevilla-despues-aumentar-flota\/#primaryimage\"},\"image\":{\"@id\":\"https:\/\/autocarescasaleventos.com\/autobuses-casal-se-hace-con-nave-donuts-sevilla-despues-aumentar-flota\/#primaryimage\"},\"thumbnailUrl\":\"https:\/\/autocarescasaleventos.com\/wp-content\/uploads\/2021\/06\/ampliacion-autobuses-casal.jpg\",\"datePublished\":\"2020-01-14T01:00:00+00:00\",\"description\":\"Esta ampliaci\u00f3n de autobuses se realiza ante el importante crecimiento del turismo, seg\u00fan subraya \u00c1ngel D\u00edaz, director de Autocares Casal.\",\"breadcrumb\":{\"@id\":\"https:\/\/autocarescasaleventos.com\/autobuses-casal-se-hace-con-nave-donuts-sevilla-despues-aumentar-flota\/#breadcrumb\"},\"inLanguage\":\"en-GB\",\"potentialAction\":[{\"@type\":\"ReadAction\",\"target\":[\"https:\/\/autocarescasaleventos.com\/autobuses-casal-se-hace-con-nave-donuts-sevilla-despues-aumentar-flota\/\"]}]},{\"@type\":\"ImageObject\",\"inLanguage\":\"en-GB\",\"@id\":\"https:\/\/autocarescasaleventos.com\/autobuses-casal-se-hace-con-nave-donuts-sevilla-despues-aumentar-flota\/#primaryimage\",\"url\":\"https:\/\/autocarescasaleventos.com\/wp-content\/uploads\/2021\/06\/ampliacion-autobuses-casal.jpg\",\"contentUrl\":\"https:\/\/autocarescasaleventos.com\/wp-content\/uploads\/2021\/06\/ampliacion-autobuses-casal.jpg\",\"width\":440,\"height\":270},{\"@type\":\"BreadcrumbList\",\"@id\":\"https:\/\/autocarescasaleventos.com\/autobuses-casal-se-hace-con-nave-donuts-sevilla-despues-aumentar-flota\/#breadcrumb\",\"itemListElement\":[{\"@type\":\"ListItem\",\"position\":1,\"name\":\"Portada\",\"item\":\"https:\/\/autocarescasaleventos.com\/\"},{\"@type\":\"ListItem\",\"position\":2,\"name\":\"Autobuses Casal se hace con la nave de Donuts de Sevilla despu\u00e9s de aumentar su flota\"}]},{\"@type\":\"WebSite\",\"@id\":\"https:\/\/autocarescasaleventos.com\/#website\",\"url\":\"https:\/\/autocarescasaleventos.com\/\",\"name\":\"Autocares Casal Meetings & Events\",\"description\":\"\",\"publisher\":{\"@id\":\"https:\/\/autocarescasaleventos.com\/#organization\"},\"potentialAction\":[{\"@type\":\"SearchAction\",\"target\":{\"@type\":\"EntryPoint\",\"urlTemplate\":\"https:\/\/autocarescasaleventos.com\/?s={search_term_string}\"},\"query-input\":{\"@type\":\"PropertyValueSpecification\",\"valueRequired\":true,\"valueName\":\"search_term_string\"}}],\"inLanguage\":\"en-GB\"},{\"@type\":\"Organization\",\"@id\":\"https:\/\/autocarescasaleventos.com\/#organization\",\"name\":\"Casal Meetings & Events\",\"url\":\"https:\/\/autocarescasaleventos.com\/\",\"logo\":{\"@type\":\"ImageObject\",\"inLanguage\":\"en-GB\",\"@id\":\"https:\/\/autocarescasaleventos.com\/#\/schema\/logo\/image\/\",\"url\":\"https:\/\/autocarescasaleventos.com\/wp-content\/uploads\/2021\/05\/logotipo.svg\",\"contentUrl\":\"https:\/\/autocarescasaleventos.com\/wp-content\/uploads\/2021\/05\/logotipo.svg\",\"width\":1190,\"height\":504,\"caption\":\"Casal Meetings & Events\"},\"image\":{\"@id\":\"https:\/\/autocarescasaleventos.com\/#\/schema\/logo\/image\/\"},\"sameAs\":[\"http:\/\/es.linkedin.com\/company\/autocares-casal-servicio-discrecional\",\"https:\/\/www.instagram.com\/casalmeetingsevents\/\"]},{\"@type\":\"Person\",\"@id\":\"https:\/\/autocarescasaleventos.com\/#\/schema\/person\/c6bd7b785fe0c25c61921d52707a42cf\",\"name\":\"admin\",\"image\":{\"@type\":\"ImageObject\",\"inLanguage\":\"en-GB\",\"@id\":\"https:\/\/autocarescasaleventos.com\/#\/schema\/person\/image\/\",\"url\":\"https:\/\/secure.gravatar.com\/avatar\/3b4ab7f22c1235d170addf4acbf3093bcf538f00e3e15ecc23afacf8e0f1dd93?s=96&d=mm&r=g\",\"contentUrl\":\"https:\/\/secure.gravatar.com\/avatar\/3b4ab7f22c1235d170addf4acbf3093bcf538f00e3e15ecc23afacf8e0f1dd93?s=96&d=mm&r=g\",\"caption\":\"admin\"},\"sameAs\":[\"https:\/\/autocarescasaleventos.com\"]}]}<\/script>\n<!-- \/ Yoast SEO plugin. -->","yoast_head_json":{"title":"Casal se hace con la nave de Donuts despu\u00e9s de aumentar su flota","description":"Esta ampliaci\u00f3n de autobuses se realiza ante el importante crecimiento del turismo, seg\u00fan subraya \u00c1ngel D\u00edaz, director de Autocares Casal.","robots":{"index":"index","follow":"follow","max-snippet":"max-snippet:-1","max-image-preview":"max-image-preview:large","max-video-preview":"max-video-preview:-1"},"canonical":"https:\/\/autocarescasaleventos.com\/en\/autobuses-casal-se-hace-con-nave-donuts-sevilla-despues-aumentar-flota\/","og_locale":"en_GB","og_type":"article","og_title":"Casal se hace con la nave de Donuts despu\u00e9s de aumentar su flota","og_description":"Esta ampliaci\u00f3n de autobuses se realiza ante el importante crecimiento del turismo, seg\u00fan subraya \u00c1ngel D\u00edaz, director de Autocares Casal.","og_url":"https:\/\/autocarescasaleventos.com\/en\/autobuses-casal-se-hace-con-nave-donuts-sevilla-despues-aumentar-flota\/","og_site_name":"Autocares Casal Meetings &amp; Events","article_published_time":"2020-01-14T01:00:00+00:00","og_image":[{"width":440,"height":270,"url":"https:\/\/autocarescasaleventos.com\/wp-content\/uploads\/2021\/06\/ampliacion-autobuses-casal.jpg","type":"image\/jpeg"}],"author":"admin","twitter_card":"summary_large_image","twitter_title":"Casal se hace con la nave de Donuts despu\u00e9s de aumentar su flota","twitter_misc":{"Written by":"admin","Estimated reading time":"2 minutes"},"schema":{"@context":"https:\/\/schema.org","@graph":[{"@type":"Article","@id":"https:\/\/autocarescasaleventos.com\/autobuses-casal-se-hace-con-nave-donuts-sevilla-despues-aumentar-flota\/#article","isPartOf":{"@id":"https:\/\/autocarescasaleventos.com\/autobuses-casal-se-hace-con-nave-donuts-sevilla-despues-aumentar-flota\/"},"author":{"name":"admin","@id":"https:\/\/autocarescasaleventos.com\/#\/schema\/person\/c6bd7b785fe0c25c61921d52707a42cf"},"headline":"Autobuses Casal se hace con la nave de Donuts de Sevilla despu\u00e9s de aumentar su flota","datePublished":"2020-01-14T01:00:00+00:00","mainEntityOfPage":{"@id":"https:\/\/autocarescasaleventos.com\/autobuses-casal-se-hace-con-nave-donuts-sevilla-despues-aumentar-flota\/"},"wordCount":438,"commentCount":0,"publisher":{"@id":"https:\/\/autocarescasaleventos.com\/#organization"},"image":{"@id":"https:\/\/autocarescasaleventos.com\/autobuses-casal-se-hace-con-nave-donuts-sevilla-despues-aumentar-flota\/#primaryimage"},"thumbnailUrl":"https:\/\/autocarescasaleventos.com\/wp-content\/uploads\/2021\/06\/ampliacion-autobuses-casal.jpg","inLanguage":"en-GB"},{"@type":"WebPage","@id":"https:\/\/autocarescasaleventos.com\/autobuses-casal-se-hace-con-nave-donuts-sevilla-despues-aumentar-flota\/","url":"https:\/\/autocarescasaleventos.com\/autobuses-casal-se-hace-con-nave-donuts-sevilla-despues-aumentar-flota\/","name":"Casal se hace con la nave de Donuts despu\u00e9s de aumentar su flota","isPartOf":{"@id":"https:\/\/autocarescasaleventos.com\/#website"},"primaryImageOfPage":{"@id":"https:\/\/autocarescasaleventos.com\/autobuses-casal-se-hace-con-nave-donuts-sevilla-despues-aumentar-flota\/#primaryimage"},"image":{"@id":"https:\/\/autocarescasaleventos.com\/autobuses-casal-se-hace-con-nave-donuts-sevilla-despues-aumentar-flota\/#primaryimage"},"thumbnailUrl":"https:\/\/autocarescasaleventos.com\/wp-content\/uploads\/2021\/06\/ampliacion-autobuses-casal.jpg","datePublished":"2020-01-14T01:00:00+00:00","description":"Esta ampliaci\u00f3n de autobuses se realiza ante el importante crecimiento del turismo, seg\u00fan subraya \u00c1ngel D\u00edaz, director de Autocares Casal.","breadcrumb":{"@id":"https:\/\/autocarescasaleventos.com\/autobuses-casal-se-hace-con-nave-donuts-sevilla-despues-aumentar-flota\/#breadcrumb"},"inLanguage":"en-GB","potentialAction":[{"@type":"ReadAction","target":["https:\/\/autocarescasaleventos.com\/autobuses-casal-se-hace-con-nave-donuts-sevilla-despues-aumentar-flota\/"]}]},{"@type":"ImageObject","inLanguage":"en-GB","@id":"https:\/\/autocarescasaleventos.com\/autobuses-casal-se-hace-con-nave-donuts-sevilla-despues-aumentar-flota\/#primaryimage","url":"https:\/\/autocarescasaleventos.com\/wp-content\/uploads\/2021\/06\/ampliacion-autobuses-casal.jpg","contentUrl":"https:\/\/autocarescasaleventos.com\/wp-content\/uploads\/2021\/06\/ampliacion-autobuses-casal.jpg","width":440,"height":270},{"@type":"BreadcrumbList","@id":"https:\/\/autocarescasaleventos.com\/autobuses-casal-se-hace-con-nave-donuts-sevilla-despues-aumentar-flota\/#breadcrumb","itemListElement":[{"@type":"ListItem","position":1,"name":"Portada","item":"https:\/\/autocarescasaleventos.com\/"},{"@type":"ListItem","position":2,"name":"Autobuses Casal se hace con la nave de Donuts de Sevilla despu\u00e9s de aumentar su flota"}]},{"@type":"WebSite","@id":"https:\/\/autocarescasaleventos.com\/#website","url":"https:\/\/autocarescasaleventos.com\/","name":"Autocares Casal Meetings & Events","description":"","publisher":{"@id":"https:\/\/autocarescasaleventos.com\/#organization"},"potentialAction":[{"@type":"SearchAction","target":{"@type":"EntryPoint","urlTemplate":"https:\/\/autocarescasaleventos.com\/?s={search_term_string}"},"query-input":{"@type":"PropertyValueSpecification","valueRequired":true,"valueName":"search_term_string"}}],"inLanguage":"en-GB"},{"@type":"Organization","@id":"https:\/\/autocarescasaleventos.com\/#organization","name":"Casal Meetings & Events","url":"https:\/\/autocarescasaleventos.com\/","logo":{"@type":"ImageObject","inLanguage":"en-GB","@id":"https:\/\/autocarescasaleventos.com\/#\/schema\/logo\/image\/","url":"https:\/\/autocarescasaleventos.com\/wp-content\/uploads\/2021\/05\/logotipo.svg","contentUrl":"https:\/\/autocarescasaleventos.com\/wp-content\/uploads\/2021\/05\/logotipo.svg","width":1190,"height":504,"caption":"Casal Meetings & Events"},"image":{"@id":"https:\/\/autocarescasaleventos.com\/#\/schema\/logo\/image\/"},"sameAs":["http:\/\/es.linkedin.com\/company\/autocares-casal-servicio-discrecional","https:\/\/www.instagram.com\/casalmeetingsevents\/"]},{"@type":"Person","@id":"https:\/\/autocarescasaleventos.com\/#\/schema\/person\/c6bd7b785fe0c25c61921d52707a42cf","name":"admin","image":{"@type":"ImageObject","inLanguage":"en-GB","@id":"https:\/\/autocarescasaleventos.com\/#\/schema\/person\/image\/","url":"https:\/\/secure.gravatar.com\/avatar\/3b4ab7f22c1235d170addf4acbf3093bcf538f00e3e15ecc23afacf8e0f1dd93?s=96&d=mm&r=g","contentUrl":"https:\/\/secure.gravatar.com\/avatar\/3b4ab7f22c1235d170addf4acbf3093bcf538f00e3e15ecc23afacf8e0f1dd93?s=96&d=mm&r=g","caption":"admin"},"sameAs":["https:\/\/autocarescasaleventos.com"]}]}},"_links":{"self":[{"href":"https:\/\/autocarescasaleventos.com\/en\/wp-json\/wp\/v2\/posts\/495","targetHints":{"allow":["GET"]}}],"collection":[{"href":"https:\/\/autocarescasaleventos.com\/en\/wp-json\/wp\/v2\/posts"}],"about":[{"href":"https:\/\/autocarescasaleventos.com\/en\/wp-json\/wp\/v2\/types\/post"}],"author":[{"embeddable":true,"href":"https:\/\/autocarescasaleventos.com\/en\/wp-json\/wp\/v2\/users\/1"}],"replies":[{"embeddable":true,"href":"https:\/\/autocarescasaleventos.com\/en\/wp-json\/wp\/v2\/comments?post=495"}],"version-history":[{"count":0,"href":"https:\/\/autocarescasaleventos.com\/en\/wp-json\/wp\/v2\/posts\/495\/revisions"}],"wp:featuredmedia":[{"embeddable":true,"href":"https:\/\/autocarescasaleventos.com\/en\/wp-json\/wp\/v2\/media\/496"}],"wp:attachment":[{"href":"https:\/\/autocarescasaleventos.com\/en\/wp-json\/wp\/v2\/media?parent=495"}],"wp:term":[{"taxonomy":"category","embeddable":true,"href":"https:\/\/autocarescasaleventos.com\/en\/wp-json\/wp\/v2\/categories?post=495"},{"taxonomy":"post_tag","embeddable":true,"href":"https:\/\/autocarescasaleventos.com\/en\/wp-json\/wp\/v2\/tags?post=495"}],"curies":[{"name":"wp","href":"https:\/\/api.w.org\/{rel}","templated":true}]}}