{"id":1800,"date":"2026-02-09T16:42:39","date_gmt":"2026-02-09T16:42:39","guid":{"rendered":"https:\/\/autocarescasaleventos.com\/?p=1800"},"modified":"2026-03-23T16:44:52","modified_gmt":"2026-03-23T16:44:52","slug":"fitur-2026-casal-meetings-events-en-epicentro-del-turismo-mundial","status":"publish","type":"post","link":"https:\/\/autocarescasaleventos.com\/en\/fitur-2026-casal-meetings-events-en-epicentro-del-turismo-mundial\/","title":{"rendered":"FITUR 2026: Casal Meetings &amp; Events en el epicentro del turismo mundial"},"content":{"rendered":"<p>Acaba de cerrar sus puertas la 46\u00aa edici\u00f3n de la Feria Internacional de Turismo (FITUR) en IFEMA, y la sensaci\u00f3n general se resume en una palabra: <strong>r\u00e9cord<\/strong>. Para el equipo de <strong>Casal Meetings &amp; Events<\/strong>, estar presentes un a\u00f1o m\u00e1s en este encuentro no es solo una tradici\u00f3n, es una decisi\u00f3n estrat\u00e9gica de negocio.<\/p>\n\n\n\n<p>FITUR 2026 ha demostrado que el turismo ha vuelto con una fuerza imparable, y nosotros hemos estado all\u00ed para confirmar que el transporte discrecional es la arteria que mantiene vivo este ecosistema.<\/p>\n\n\n\n<h2 class=\"wp-block-heading\"><a><\/a><strong>Las cifras de FITUR 2026<\/strong><\/h2>\n\n\n\n<p>Para entender la magnitud de lo que hemos vivido estos d\u00edas, basta con mirar los datos oficiales que nos deja la feria:<\/p>\n\n\n\n<ul class=\"wp-block-list\">\n<li><strong>M\u00e1s de 255.000 asistentes:<\/strong> Con un notable desglose de 155.000 profesionales y 100.000 visitantes de p\u00fablico general durante el fin de semana.<\/li>\n\n\n\n<li><strong>Impacto econ\u00f3mico:<\/strong> La feria ha inyectado m\u00e1s de <strong>505 millones de euros<\/strong> en la econom\u00eda madrile\u00f1a, una cifra que demuestra la salud del sector.<\/li>\n\n\n\n<li><strong>Pa\u00eds socio:<\/strong> Este a\u00f1o, <strong>M\u00e9xico<\/strong> ha desplegado un potencial incre\u00edble, abriendo nuevas v\u00edas de colaboraci\u00f3n transatl\u00e1ntica, mientras que ya miramos a <strong>Puerto Rico<\/strong> como el gran protagonista para 2027.<\/li>\n<\/ul>\n\n\n\n<h2 class=\"wp-block-heading\"><a><\/a><strong>La experiencia Casal en FITUR<\/strong><\/h2>\n\n\n\n<p>Nuestra presencia en FITUR ha tenido un objetivo claro: reforzar nuestra divisi\u00f3n <strong>Meetings &amp; Events<\/strong> y consolidar a Sevilla y Andaluc\u00eda como destinos de primer nivel para congresos y turismo corporativo.<\/p>\n\n\n\n<p>Durante estos cinco d\u00edas, hemos mantenido reuniones con turoperadores, agencias de eventos y organizadores de congresos. \u00bfLa conclusi\u00f3n? <strong>El viajero de 2026 busca seguridad, flexibilidad y sostenibilidad.<\/strong> Ya no basta con llevar a un grupo del punto A al punto B; el autocar se ha convertido en una extensi\u00f3n de la experiencia tur\u00edstica. Desde la conectividad Wi-Fi de alta velocidad hasta el confort premium de nuestra flota, cada detalle cuenta para un cliente cada vez m\u00e1s exigente.<\/p>\n\n\n\n<h2 class=\"wp-block-heading\"><a><\/a><strong>\u00bfPor qu\u00e9 es importante que una empresa de autobuses est\u00e9 en FITUR?<\/strong><\/h2>\n\n\n\n<p>A menudo se piensa en las ferias de turismo como espacios para hoteles y aerol\u00edneas, pero el transporte terrestre es el \u00ab\u00faltimo paso\u00bb esencial. Nuestra asistencia responde a tres pilares:<\/p>\n\n\n\n<ol start=\"1\" class=\"wp-block-list\">\n<li><strong>Visibilidad en el segmento MICE:<\/strong> Los grandes eventos y congresos que llegan a Sevilla necesitan una log\u00edstica impecable. En <strong><a href=\"https:\/\/www.ifema.es\/fitur\" target=\"_blank\" rel=\"noreferrer noopener\">FITUR<\/a><\/strong> cerramos las alianzas que luego se traducen en la operativa de los grandes congresos del a\u00f1o.<\/li>\n\n\n\n<li><strong>Sostenibilidad real:<\/strong> El autob\u00fas es uno de los medios m\u00e1s eficientes por pasajero. En un FITUR marcado por la agenda verde, hemos puesto en valor nuestra flota moderna y eficiente como la mejor aliada para reducir la huella de carbono de los grandes grupos.<\/li>\n\n\n\n<li><strong>Term\u00f3metro del mercado:<\/strong> Estar aqu\u00ed nos permite anticiparnos. Sabemos qu\u00e9 nacionalidades visitar\u00e1n Andaluc\u00eda la pr\u00f3xima temporada y qu\u00e9 tipo de servicios demandar\u00e1n, lo que nos permite adaptar nuestra oferta antes que nadie.<\/li>\n<\/ol>\n\n\n\n<h2 class=\"wp-block-heading\"><a><\/a><strong>Mirando hacia el futuro<\/strong><\/h2>\n\n\n\n<p>Volvemos a casa con la agenda llena de nuevos contactos y con la satisfacci\u00f3n de ver que el sector del transporte de viajeros es m\u00e1s respetado y necesario que nunca.<\/p>\n\n\n\n<p>Si FITUR 2026 ha sido el escenario de las grandes cifras, 2026 ser\u00e1 para <strong><a href=\"https:\/\/autocarescasaleventos.com\/en\/\">Casal Meetings &amp; Events<\/a><\/strong> el a\u00f1o de los grandes servicios. Gracias a todos los que pasasteis a saludarnos y a los que confi\u00e1is en nosotros para mover vuestros sue\u00f1os.<\/p>\n\n\n\n<p><strong>\u00bfEst\u00e1s planificando un evento o circuito para esta temporada?<\/strong> Hablemos. Traemos de Madrid las mejores ideas para hacerlo realidad.<\/p>","protected":false},"excerpt":{"rendered":"<p>Acaba de cerrar sus puertas la 46\u00aa edici\u00f3n de la Feria Internacional de Turismo (FITUR) en IFEMA, y la sensaci\u00f3n general se resume en una palabra: r\u00e9cord. Para el equipo de Casal Meetings &amp; Events, estar presentes un a\u00f1o m\u00e1s en este encuentro no es solo una tradici\u00f3n, es una decisi\u00f3n estrat\u00e9gica de negocio. FITUR &#8230; <a title=\"FITUR 2026: Casal Meetings &amp; Events en el epicentro del turismo mundial\" class=\"read-more\" href=\"https:\/\/autocarescasaleventos.com\/en\/fitur-2026-casal-meetings-events-en-epicentro-del-turismo-mundial\/\" aria-label=\"Read more about FITUR 2026: Casal Meetings &amp; Events en el epicentro del turismo mundial\">Read more<\/a><\/p>","protected":false},"author":1,"featured_media":1801,"comment_status":"closed","ping_status":"closed","sticky":false,"template":"","format":"standard","meta":{"inline_featured_image":false,"footnotes":""},"categories":[1],"tags":[],"class_list":["post-1800","post","type-post","status-publish","format-standard","has-post-thumbnail","hentry","category-uncategorized"],"yoast_head":"<!-- This site is optimized with the Yoast SEO plugin v25.9 - https:\/\/yoast.com\/wordpress\/plugins\/seo\/ -->\n<title>Casal Meetings en FITUR 2026: clave MICE - Autocares Casal Meetings &amp; Events<\/title>\n<meta name=\"description\" content=\"Casal Meetings &amp; Events refuerza su liderazgo en FITUR 2026, impulsando el transporte MICE, sostenible y premium en Andaluc\u00eda.\" \/>\n<meta name=\"robots\" content=\"index, follow, max-snippet:-1, max-image-preview:large, max-video-preview:-1\" \/>\n<link rel=\"canonical\" href=\"https:\/\/autocarescasaleventos.com\/en\/fitur-2026-casal-meetings-events-en-epicentro-del-turismo-mundial\/\" \/>\n<meta property=\"og:locale\" content=\"en_GB\" \/>\n<meta property=\"og:type\" content=\"article\" \/>\n<meta property=\"og:title\" content=\"Casal Meetings en FITUR 2026: clave MICE - Autocares Casal Meetings &amp; Events\" \/>\n<meta property=\"og:description\" content=\"Casal Meetings &amp; Events refuerza su liderazgo en FITUR 2026, impulsando el transporte MICE, sostenible y premium en Andaluc\u00eda.\" \/>\n<meta property=\"og:url\" content=\"https:\/\/autocarescasaleventos.com\/en\/fitur-2026-casal-meetings-events-en-epicentro-del-turismo-mundial\/\" \/>\n<meta property=\"og:site_name\" content=\"Autocares Casal Meetings &amp; Events\" \/>\n<meta property=\"article:published_time\" content=\"2026-02-09T16:42:39+00:00\" \/>\n<meta property=\"article:modified_time\" content=\"2026-03-23T16:44:52+00:00\" \/>\n<meta property=\"og:image\" content=\"https:\/\/autocarescasaleventos.com\/wp-content\/uploads\/2026\/03\/casal-fitur-2026.jpg\" \/>\n\t<meta property=\"og:image:width\" content=\"1600\" \/>\n\t<meta property=\"og:image:height\" content=\"1200\" \/>\n\t<meta property=\"og:image:type\" content=\"image\/jpeg\" \/>\n<meta name=\"author\" content=\"admin\" \/>\n<meta name=\"twitter:card\" content=\"summary_large_image\" \/>\n<meta name=\"twitter:label1\" content=\"Written by\" \/>\n\t<meta name=\"twitter:data1\" content=\"admin\" \/>\n\t<meta name=\"twitter:label2\" content=\"Estimated reading time\" \/>\n\t<meta name=\"twitter:data2\" content=\"3 minutes\" \/>\n<script type=\"application\/ld+json\" class=\"yoast-schema-graph\">{\"@context\":\"https:\/\/schema.org\",\"@graph\":[{\"@type\":\"Article\",\"@id\":\"https:\/\/autocarescasaleventos.com\/fitur-2026-casal-meetings-events-en-epicentro-del-turismo-mundial\/#article\",\"isPartOf\":{\"@id\":\"https:\/\/autocarescasaleventos.com\/fitur-2026-casal-meetings-events-en-epicentro-del-turismo-mundial\/\"},\"author\":{\"name\":\"admin\",\"@id\":\"https:\/\/autocarescasaleventos.com\/#\/schema\/person\/c6bd7b785fe0c25c61921d52707a42cf\"},\"headline\":\"FITUR 2026: Casal Meetings &amp; Events en el epicentro del turismo mundial\",\"datePublished\":\"2026-02-09T16:42:39+00:00\",\"dateModified\":\"2026-03-23T16:44:52+00:00\",\"mainEntityOfPage\":{\"@id\":\"https:\/\/autocarescasaleventos.com\/fitur-2026-casal-meetings-events-en-epicentro-del-turismo-mundial\/\"},\"wordCount\":596,\"publisher\":{\"@id\":\"https:\/\/autocarescasaleventos.com\/#organization\"},\"image\":{\"@id\":\"https:\/\/autocarescasaleventos.com\/fitur-2026-casal-meetings-events-en-epicentro-del-turismo-mundial\/#primaryimage\"},\"thumbnailUrl\":\"https:\/\/autocarescasaleventos.com\/wp-content\/uploads\/2026\/03\/casal-fitur-2026.jpg\",\"articleSection\":[\"Uncategorized\"],\"inLanguage\":\"en-GB\"},{\"@type\":\"WebPage\",\"@id\":\"https:\/\/autocarescasaleventos.com\/fitur-2026-casal-meetings-events-en-epicentro-del-turismo-mundial\/\",\"url\":\"https:\/\/autocarescasaleventos.com\/fitur-2026-casal-meetings-events-en-epicentro-del-turismo-mundial\/\",\"name\":\"Casal Meetings en FITUR 2026: clave MICE - Autocares Casal Meetings &amp; Events\",\"isPartOf\":{\"@id\":\"https:\/\/autocarescasaleventos.com\/#website\"},\"primaryImageOfPage\":{\"@id\":\"https:\/\/autocarescasaleventos.com\/fitur-2026-casal-meetings-events-en-epicentro-del-turismo-mundial\/#primaryimage\"},\"image\":{\"@id\":\"https:\/\/autocarescasaleventos.com\/fitur-2026-casal-meetings-events-en-epicentro-del-turismo-mundial\/#primaryimage\"},\"thumbnailUrl\":\"https:\/\/autocarescasaleventos.com\/wp-content\/uploads\/2026\/03\/casal-fitur-2026.jpg\",\"datePublished\":\"2026-02-09T16:42:39+00:00\",\"dateModified\":\"2026-03-23T16:44:52+00:00\",\"description\":\"Casal Meetings & Events refuerza su liderazgo en FITUR 2026, impulsando el transporte MICE, sostenible y premium en Andaluc\u00eda.\",\"breadcrumb\":{\"@id\":\"https:\/\/autocarescasaleventos.com\/fitur-2026-casal-meetings-events-en-epicentro-del-turismo-mundial\/#breadcrumb\"},\"inLanguage\":\"en-GB\",\"potentialAction\":[{\"@type\":\"ReadAction\",\"target\":[\"https:\/\/autocarescasaleventos.com\/fitur-2026-casal-meetings-events-en-epicentro-del-turismo-mundial\/\"]}]},{\"@type\":\"ImageObject\",\"inLanguage\":\"en-GB\",\"@id\":\"https:\/\/autocarescasaleventos.com\/fitur-2026-casal-meetings-events-en-epicentro-del-turismo-mundial\/#primaryimage\",\"url\":\"https:\/\/autocarescasaleventos.com\/wp-content\/uploads\/2026\/03\/casal-fitur-2026.jpg\",\"contentUrl\":\"https:\/\/autocarescasaleventos.com\/wp-content\/uploads\/2026\/03\/casal-fitur-2026.jpg\",\"width\":1600,\"height\":1200,\"caption\":\"casal en fitur 2026\"},{\"@type\":\"BreadcrumbList\",\"@id\":\"https:\/\/autocarescasaleventos.com\/fitur-2026-casal-meetings-events-en-epicentro-del-turismo-mundial\/#breadcrumb\",\"itemListElement\":[{\"@type\":\"ListItem\",\"position\":1,\"name\":\"Portada\",\"item\":\"https:\/\/autocarescasaleventos.com\/\"},{\"@type\":\"ListItem\",\"position\":2,\"name\":\"FITUR 2026: Casal Meetings &amp; Events en el epicentro del turismo mundial\"}]},{\"@type\":\"WebSite\",\"@id\":\"https:\/\/autocarescasaleventos.com\/#website\",\"url\":\"https:\/\/autocarescasaleventos.com\/\",\"name\":\"Autocares Casal Meetings & Events\",\"description\":\"\",\"publisher\":{\"@id\":\"https:\/\/autocarescasaleventos.com\/#organization\"},\"potentialAction\":[{\"@type\":\"SearchAction\",\"target\":{\"@type\":\"EntryPoint\",\"urlTemplate\":\"https:\/\/autocarescasaleventos.com\/?s={search_term_string}\"},\"query-input\":{\"@type\":\"PropertyValueSpecification\",\"valueRequired\":true,\"valueName\":\"search_term_string\"}}],\"inLanguage\":\"en-GB\"},{\"@type\":\"Organization\",\"@id\":\"https:\/\/autocarescasaleventos.com\/#organization\",\"name\":\"Casal Meetings & Events\",\"url\":\"https:\/\/autocarescasaleventos.com\/\",\"logo\":{\"@type\":\"ImageObject\",\"inLanguage\":\"en-GB\",\"@id\":\"https:\/\/autocarescasaleventos.com\/#\/schema\/logo\/image\/\",\"url\":\"https:\/\/autocarescasaleventos.com\/wp-content\/uploads\/2021\/05\/logotipo.svg\",\"contentUrl\":\"https:\/\/autocarescasaleventos.com\/wp-content\/uploads\/2021\/05\/logotipo.svg\",\"width\":1190,\"height\":504,\"caption\":\"Casal Meetings & Events\"},\"image\":{\"@id\":\"https:\/\/autocarescasaleventos.com\/#\/schema\/logo\/image\/\"},\"sameAs\":[\"http:\/\/es.linkedin.com\/company\/autocares-casal-servicio-discrecional\",\"https:\/\/www.instagram.com\/casalmeetingsevents\/\"]},{\"@type\":\"Person\",\"@id\":\"https:\/\/autocarescasaleventos.com\/#\/schema\/person\/c6bd7b785fe0c25c61921d52707a42cf\",\"name\":\"admin\",\"image\":{\"@type\":\"ImageObject\",\"inLanguage\":\"en-GB\",\"@id\":\"https:\/\/autocarescasaleventos.com\/#\/schema\/person\/image\/\",\"url\":\"https:\/\/secure.gravatar.com\/avatar\/3b4ab7f22c1235d170addf4acbf3093bcf538f00e3e15ecc23afacf8e0f1dd93?s=96&d=mm&r=g\",\"contentUrl\":\"https:\/\/secure.gravatar.com\/avatar\/3b4ab7f22c1235d170addf4acbf3093bcf538f00e3e15ecc23afacf8e0f1dd93?s=96&d=mm&r=g\",\"caption\":\"admin\"},\"sameAs\":[\"https:\/\/autocarescasaleventos.com\"]}]}<\/script>\n<!-- \/ Yoast SEO plugin. -->","yoast_head_json":{"title":"Casal Meetings en FITUR 2026: clave MICE - Autocares Casal Meetings &amp; Events","description":"Casal Meetings & Events refuerza su liderazgo en FITUR 2026, impulsando el transporte MICE, sostenible y premium en Andaluc\u00eda.","robots":{"index":"index","follow":"follow","max-snippet":"max-snippet:-1","max-image-preview":"max-image-preview:large","max-video-preview":"max-video-preview:-1"},"canonical":"https:\/\/autocarescasaleventos.com\/en\/fitur-2026-casal-meetings-events-en-epicentro-del-turismo-mundial\/","og_locale":"en_GB","og_type":"article","og_title":"Casal Meetings en FITUR 2026: clave MICE - Autocares Casal Meetings &amp; Events","og_description":"Casal Meetings & Events refuerza su liderazgo en FITUR 2026, impulsando el transporte MICE, sostenible y premium en Andaluc\u00eda.","og_url":"https:\/\/autocarescasaleventos.com\/en\/fitur-2026-casal-meetings-events-en-epicentro-del-turismo-mundial\/","og_site_name":"Autocares Casal Meetings &amp; Events","article_published_time":"2026-02-09T16:42:39+00:00","article_modified_time":"2026-03-23T16:44:52+00:00","og_image":[{"width":1600,"height":1200,"url":"https:\/\/autocarescasaleventos.com\/wp-content\/uploads\/2026\/03\/casal-fitur-2026.jpg","type":"image\/jpeg"}],"author":"admin","twitter_card":"summary_large_image","twitter_misc":{"Written by":"admin","Estimated reading time":"3 minutes"},"schema":{"@context":"https:\/\/schema.org","@graph":[{"@type":"Article","@id":"https:\/\/autocarescasaleventos.com\/fitur-2026-casal-meetings-events-en-epicentro-del-turismo-mundial\/#article","isPartOf":{"@id":"https:\/\/autocarescasaleventos.com\/fitur-2026-casal-meetings-events-en-epicentro-del-turismo-mundial\/"},"author":{"name":"admin","@id":"https:\/\/autocarescasaleventos.com\/#\/schema\/person\/c6bd7b785fe0c25c61921d52707a42cf"},"headline":"FITUR 2026: Casal Meetings &amp; Events en el epicentro del turismo mundial","datePublished":"2026-02-09T16:42:39+00:00","dateModified":"2026-03-23T16:44:52+00:00","mainEntityOfPage":{"@id":"https:\/\/autocarescasaleventos.com\/fitur-2026-casal-meetings-events-en-epicentro-del-turismo-mundial\/"},"wordCount":596,"publisher":{"@id":"https:\/\/autocarescasaleventos.com\/#organization"},"image":{"@id":"https:\/\/autocarescasaleventos.com\/fitur-2026-casal-meetings-events-en-epicentro-del-turismo-mundial\/#primaryimage"},"thumbnailUrl":"https:\/\/autocarescasaleventos.com\/wp-content\/uploads\/2026\/03\/casal-fitur-2026.jpg","articleSection":["Uncategorized"],"inLanguage":"en-GB"},{"@type":"WebPage","@id":"https:\/\/autocarescasaleventos.com\/fitur-2026-casal-meetings-events-en-epicentro-del-turismo-mundial\/","url":"https:\/\/autocarescasaleventos.com\/fitur-2026-casal-meetings-events-en-epicentro-del-turismo-mundial\/","name":"Casal Meetings en FITUR 2026: clave MICE - Autocares Casal Meetings &amp; Events","isPartOf":{"@id":"https:\/\/autocarescasaleventos.com\/#website"},"primaryImageOfPage":{"@id":"https:\/\/autocarescasaleventos.com\/fitur-2026-casal-meetings-events-en-epicentro-del-turismo-mundial\/#primaryimage"},"image":{"@id":"https:\/\/autocarescasaleventos.com\/fitur-2026-casal-meetings-events-en-epicentro-del-turismo-mundial\/#primaryimage"},"thumbnailUrl":"https:\/\/autocarescasaleventos.com\/wp-content\/uploads\/2026\/03\/casal-fitur-2026.jpg","datePublished":"2026-02-09T16:42:39+00:00","dateModified":"2026-03-23T16:44:52+00:00","description":"Casal Meetings & Events refuerza su liderazgo en FITUR 2026, impulsando el transporte MICE, sostenible y premium en Andaluc\u00eda.","breadcrumb":{"@id":"https:\/\/autocarescasaleventos.com\/fitur-2026-casal-meetings-events-en-epicentro-del-turismo-mundial\/#breadcrumb"},"inLanguage":"en-GB","potentialAction":[{"@type":"ReadAction","target":["https:\/\/autocarescasaleventos.com\/fitur-2026-casal-meetings-events-en-epicentro-del-turismo-mundial\/"]}]},{"@type":"ImageObject","inLanguage":"en-GB","@id":"https:\/\/autocarescasaleventos.com\/fitur-2026-casal-meetings-events-en-epicentro-del-turismo-mundial\/#primaryimage","url":"https:\/\/autocarescasaleventos.com\/wp-content\/uploads\/2026\/03\/casal-fitur-2026.jpg","contentUrl":"https:\/\/autocarescasaleventos.com\/wp-content\/uploads\/2026\/03\/casal-fitur-2026.jpg","width":1600,"height":1200,"caption":"casal en fitur 2026"},{"@type":"BreadcrumbList","@id":"https:\/\/autocarescasaleventos.com\/fitur-2026-casal-meetings-events-en-epicentro-del-turismo-mundial\/#breadcrumb","itemListElement":[{"@type":"ListItem","position":1,"name":"Portada","item":"https:\/\/autocarescasaleventos.com\/"},{"@type":"ListItem","position":2,"name":"FITUR 2026: Casal Meetings &amp; Events en el epicentro del turismo mundial"}]},{"@type":"WebSite","@id":"https:\/\/autocarescasaleventos.com\/#website","url":"https:\/\/autocarescasaleventos.com\/","name":"Autocares Casal Meetings & Events","description":"","publisher":{"@id":"https:\/\/autocarescasaleventos.com\/#organization"},"potentialAction":[{"@type":"SearchAction","target":{"@type":"EntryPoint","urlTemplate":"https:\/\/autocarescasaleventos.com\/?s={search_term_string}"},"query-input":{"@type":"PropertyValueSpecification","valueRequired":true,"valueName":"search_term_string"}}],"inLanguage":"en-GB"},{"@type":"Organization","@id":"https:\/\/autocarescasaleventos.com\/#organization","name":"Casal Meetings & Events","url":"https:\/\/autocarescasaleventos.com\/","logo":{"@type":"ImageObject","inLanguage":"en-GB","@id":"https:\/\/autocarescasaleventos.com\/#\/schema\/logo\/image\/","url":"https:\/\/autocarescasaleventos.com\/wp-content\/uploads\/2021\/05\/logotipo.svg","contentUrl":"https:\/\/autocarescasaleventos.com\/wp-content\/uploads\/2021\/05\/logotipo.svg","width":1190,"height":504,"caption":"Casal Meetings & Events"},"image":{"@id":"https:\/\/autocarescasaleventos.com\/#\/schema\/logo\/image\/"},"sameAs":["http:\/\/es.linkedin.com\/company\/autocares-casal-servicio-discrecional","https:\/\/www.instagram.com\/casalmeetingsevents\/"]},{"@type":"Person","@id":"https:\/\/autocarescasaleventos.com\/#\/schema\/person\/c6bd7b785fe0c25c61921d52707a42cf","name":"admin","image":{"@type":"ImageObject","inLanguage":"en-GB","@id":"https:\/\/autocarescasaleventos.com\/#\/schema\/person\/image\/","url":"https:\/\/secure.gravatar.com\/avatar\/3b4ab7f22c1235d170addf4acbf3093bcf538f00e3e15ecc23afacf8e0f1dd93?s=96&d=mm&r=g","contentUrl":"https:\/\/secure.gravatar.com\/avatar\/3b4ab7f22c1235d170addf4acbf3093bcf538f00e3e15ecc23afacf8e0f1dd93?s=96&d=mm&r=g","caption":"admin"},"sameAs":["https:\/\/autocarescasaleventos.com"]}]}},"_links":{"self":[{"href":"https:\/\/autocarescasaleventos.com\/en\/wp-json\/wp\/v2\/posts\/1800","targetHints":{"allow":["GET"]}}],"collection":[{"href":"https:\/\/autocarescasaleventos.com\/en\/wp-json\/wp\/v2\/posts"}],"about":[{"href":"https:\/\/autocarescasaleventos.com\/en\/wp-json\/wp\/v2\/types\/post"}],"author":[{"embeddable":true,"href":"https:\/\/autocarescasaleventos.com\/en\/wp-json\/wp\/v2\/users\/1"}],"replies":[{"embeddable":true,"href":"https:\/\/autocarescasaleventos.com\/en\/wp-json\/wp\/v2\/comments?post=1800"}],"version-history":[{"count":4,"href":"https:\/\/autocarescasaleventos.com\/en\/wp-json\/wp\/v2\/posts\/1800\/revisions"}],"predecessor-version":[{"id":1805,"href":"https:\/\/autocarescasaleventos.com\/en\/wp-json\/wp\/v2\/posts\/1800\/revisions\/1805"}],"wp:featuredmedia":[{"embeddable":true,"href":"https:\/\/autocarescasaleventos.com\/en\/wp-json\/wp\/v2\/media\/1801"}],"wp:attachment":[{"href":"https:\/\/autocarescasaleventos.com\/en\/wp-json\/wp\/v2\/media?parent=1800"}],"wp:term":[{"taxonomy":"category","embeddable":true,"href":"https:\/\/autocarescasaleventos.com\/en\/wp-json\/wp\/v2\/categories?post=1800"},{"taxonomy":"post_tag","embeddable":true,"href":"https:\/\/autocarescasaleventos.com\/en\/wp-json\/wp\/v2\/tags?post=1800"}],"curies":[{"name":"wp","href":"https:\/\/api.w.org\/{rel}","templated":true}]}}